{"id":500,"date":"2019-08-29T11:48:21","date_gmt":"2019-08-29T11:48:21","guid":{"rendered":"http:\/\/www.adacs.hu\/?p=500"},"modified":"2019-10-17T07:35:18","modified_gmt":"2019-10-17T07:35:18","slug":"helyi-valasztasi-bizottsag-hatarozatai","status":"publish","type":"post","link":"https:\/\/www.adacs.hu\/?p=500","title":{"rendered":"Helyi V\u00e1laszt\u00e1si Bizotts\u00e1g hat\u00e1rozatai"},"content":{"rendered":"\n<ul class=\"wp-block-list\"><li><a rel=\"noreferrer noopener\" aria-label=\"1\/2019 (VIII.29.) sz\u00e1m\u00fa hat\u00e1rozat (V\u00e1laszt\u00e1si bizotts\u00e1gi eln\u00f6k) (\u00faj f\u00fcl\u00f6n nyitja meg)\" href=\"https:\/\/www.adacs.hu\/wp-content\/uploads\/2019\/08\/HVB-eln\u00f6k-v\u00e1laszt\u00e1s.pdf\" target=\"_blank\">1\/2019 (VIII.29.) sz\u00e1m\u00fa hat\u00e1rozat (V\u00e1laszt\u00e1si bizotts\u00e1gi eln\u00f6k)<\/a><\/li><li><a rel=\"noreferrer noopener\" aria-label=\"2\/2019 (VIII.29.) sz\u00e1m\u00fa hat\u00e1rozat (V\u00e1laszt\u00e1si bizotts\u00e1gi eln\u00f6khelyettes)  (\u00faj f\u00fcl\u00f6n nyitja meg)\" href=\"https:\/\/www.adacs.hu\/wp-content\/uploads\/2019\/08\/HVB-eln\u00f6khelyettes-v\u00e1laszt\u00e1s.pdf\" target=\"_blank\">2\/2019 (VIII.29.) sz\u00e1m\u00fa hat\u00e1rozat (V\u00e1laszt\u00e1si bizotts\u00e1gi eln\u00f6khelyettes) <\/a><\/li><li><a rel=\"noreferrer noopener\" aria-label=\"3\/2019 (VIII.29.) sz\u00e1m\u00fa hat\u00e1rozat (Hat\u00e1sk\u00f6r \u00e1tad\u00e1s) (\u00faj f\u00fcl\u00f6n nyitja meg)\" href=\"https:\/\/www.adacs.hu\/wp-content\/uploads\/2019\/08\/Hat\u00e1sk\u00f6r-\u00e1tad\u00e1s-HVB-hat.pdf\" target=\"_blank\">3\/2019 (VIII.29.) sz\u00e1m\u00fa hat\u00e1rozat (Hat\u00e1sk\u00f6r \u00e1tad\u00e1s)<\/a> <br><\/li><li><a rel=\"noreferrer noopener\" aria-label=\"4\/2019 (VIII.29.) sz\u00e1m\u00fa hat\u00e1rozat (Soha M\u00e1rton kv.) (\u00faj f\u00fcl\u00f6n nyitja meg)\" href=\"https:\/\/www.adacs.hu\/wp-content\/uploads\/2019\/08\/Soha-M\u00e1rton-k\u00e9pvisel\u0151.pdf\" target=\"_blank\">4\/2019 (VIII.30.) sz\u00e1m\u00fa hat\u00e1rozat (Soha M\u00e1rton kv.)<\/a><\/li><li><a rel=\"noreferrer noopener\" aria-label=\"5\/2019 (VIII.29.) sz\u00e1m\u00fa hat\u00e1rozat (Soha M\u00e1rton pm.)    (\u00faj f\u00fcl\u00f6n nyitja meg)\" href=\"https:\/\/www.adacs.hu\/wp-content\/uploads\/2019\/08\/Soha-M\u00e1rton-polgmester.pdf\" target=\"_blank\">5\/2019 (VIII.30.) sz\u00e1m\u00fa hat\u00e1rozat (Soha M\u00e1rton pm.)<\/a><\/li><li><a rel=\"noreferrer noopener\" aria-label=\"6\/2019 (VIII.29.) sz\u00e1m\u00fa hat\u00e1rozat (Varj\u00fa Enik\u0151 kv.) (\u00faj f\u00fcl\u00f6n nyitja meg)\" href=\"https:\/\/www.adacs.hu\/wp-content\/uploads\/2019\/08\/Varj\u00fa-Enik\u0151-k\u00e9pvisel\u0151.pdf\" target=\"_blank\">6\/2019 (VIII.30.) sz\u00e1m\u00fa hat\u00e1rozat (Varj\u00fa Enik\u0151 kv.)<\/a><\/li><li><a rel=\"noreferrer noopener\" aria-label=\"7\/2019 (VIII.29.) sz\u00e1m\u00fa hat\u00e1rozat (Bagi Kriszti\u00e1n kv.) (\u00faj f\u00fcl\u00f6n nyitja meg)\" href=\"https:\/\/www.adacs.hu\/wp-content\/uploads\/2019\/08\/Bagi-Kriszti\u00e1n-k\u00e9pvisel\u0151.pdf\" target=\"_blank\">7\/2019 (VIII.30.) sz\u00e1m\u00fa hat\u00e1rozat (Bagi Kriszti\u00e1n kv.)<\/a>   <\/li><li><a rel=\"noreferrer noopener\" aria-label=\"8\/2019 (VIII.29.) sz\u00e1m\u00fa hat\u00e1rozat (S\u00f3s Ferencn\u00e9 kv.) (\u00faj f\u00fcl\u00f6n nyitja meg)\" href=\"https:\/\/www.adacs.hu\/wp-content\/uploads\/2019\/08\/S\u00f3s-Ferencn\u00e9-k\u00e9pvisel\u0151.pdf\" target=\"_blank\">8\/2019 (VIII.30.) sz\u00e1m\u00fa hat\u00e1rozat (S\u00f3s Ferencn\u00e9 kv.)<\/a><\/li><li><a rel=\"noreferrer noopener\" aria-label=\"9\/2019 (VIII.29.) sz\u00e1m\u00fa hat\u00e1rozat (Kobzi J\u00f3zsef kv.) (\u00faj f\u00fcl\u00f6n nyitja meg)\" href=\"https:\/\/www.adacs.hu\/wp-content\/uploads\/2019\/08\/Kobzi-J\u00f3zsef-k\u00e9pvisel\u0151.pdf\" target=\"_blank\">9\/2019 (VIII.30.) sz\u00e1m\u00fa hat\u00e1rozat (Kobzi J\u00f3zsef kv.)<\/a><\/li><li><a rel=\"noreferrer noopener\" aria-label=\"10\/2019 (VIII.29.) sz\u00e1m\u00fa hat\u00e1rozat (Kobzi J\u00f3zsef pm.) (\u00faj f\u00fcl\u00f6n nyitja meg)\" href=\"https:\/\/www.adacs.hu\/wp-content\/uploads\/2019\/08\/Kobzi-J\u00f3zsef-polgmester.pdf\" target=\"_blank\">10\/2019 (VIII.30.) sz\u00e1m\u00fa hat\u00e1rozat (Kobzi J\u00f3zsef pm.)<\/a><\/li><li><a href=\"https:\/\/www.adacs.hu\/wp-content\/uploads\/2019\/09\/Szekeres-J\u00e1nos-k\u00e9pvisel\u0151.pdf\">11\/2019 (IX.3.) sz\u00e1m\u00fa hat\u00e1rozat (Szekeres J\u00e1nos kv.)<\/a><\/li><li><a href=\"https:\/\/www.adacs.hu\/wp-content\/uploads\/2019\/09\/F\u00fcl\u00f6p-\u00c1rp\u00e1d-k\u00e9pvisel\u0151.pdf\">12\/2019 (IX.3.) sz\u00e1m\u00fa hat\u00e1rozat (F\u00fcl\u00f6p \u00c1rp\u00e1d kv.)<\/a><\/li><li><a href=\"https:\/\/www.adacs.hu\/wp-content\/uploads\/2019\/09\/F\u00fcl\u00f6p-\u00c1rp\u00e1d-polg\u00e1rmester.pdf\">13\/2019 (IX.3.) sz\u00e1m\u00fa hat\u00e1rozat (F\u00fcl\u00f6p \u00c1rp\u00e1d pm.)<\/a><\/li><li><a href=\"https:\/\/www.adacs.hu\/wp-content\/uploads\/2019\/09\/Nagy-G\u00e1bor-k\u00e9pvisel\u0151.pdf\">14\/2019 (IX.3.) sz\u00e1m\u00fa hat\u00e1rozat (Nagy G\u00e1bor kv.)<\/a><\/li><li><a href=\"https:\/\/www.adacs.hu\/wp-content\/uploads\/2019\/09\/Hab\u00f3czki-J\u00f3zsef-k\u00e9pvisel\u0151.pdf\">15\/2019 (IX.3.) sz\u00e1m\u00fa hat\u00e1rozat (Hab\u00f3czki J\u00f3zsef kv.)<\/a><\/li><li><a href=\"https:\/\/www.adacs.hu\/wp-content\/uploads\/2019\/09\/Koll\u00e1rn\u00e9-Magyar-\u00c9va-HVB-tags\u00e1g-megsz\u00fcnt.pdf\">16\/2019 (IX.3.) sz\u00e1m\u00fa hat\u00e1rozat (Koll\u00e1rn\u00e9 Magyar \u00c9va \u00f6sszef\u00e9rhetetlens\u00e9g)<\/a><\/li><li><a href=\"https:\/\/www.adacs.hu\/wp-content\/uploads\/2019\/09\/Magyar-Tibor-k\u00e9pvisel\u0151.pdf\">17\/2019 (IX.5.) sz\u00e1m\u00fa hat\u00e1rozat (Magyar Tibor kv.)<\/a><\/li><li><a href=\"https:\/\/www.adacs.hu\/wp-content\/uploads\/2019\/09\/Trombit\u00e1s-Szil\u00e1rd-k\u00e9pvisel\u0151.pdf\">18\/2019 (IX.5.) sz\u00e1m\u00fa hat\u00e1rozat (Trombit\u00e1s Szil\u00e1rd kv.)<\/a><\/li><li><a href=\"https:\/\/www.adacs.hu\/wp-content\/uploads\/2019\/09\/Trombit\u00e1s-Szil\u00e1rd-polg\u00e1rmester.pdf\">19\/2019 (IX.5.) sz\u00e1m\u00fa hat\u00e1rozat (Trombit\u00e1s Szil\u00e1rd pm.)<\/a><\/li><li><a href=\"https:\/\/www.adacs.hu\/wp-content\/uploads\/2019\/09\/Sorsol\u00e1s-bonyol\u00edt\u00e1sa.pdf\">20\/2019 (IX.5.) sz\u00e1m\u00fa hat\u00e1rozat (sorsol\u00e1s lebonyol\u00edt\u00e1s\u00e1r\u00f3l) <\/a><\/li><li><a href=\"https:\/\/www.adacs.hu\/wp-content\/uploads\/2019\/09\/Nagy-Istv\u00e1n-k\u00e9pvisel\u0151.pdf\">21\/2019 (IX.9.) sz\u00e1m\u00fa hat\u00e1rozat (Nagy Istv\u00e1n kv.)<\/a><\/li><li><a href=\"https:\/\/www.adacs.hu\/wp-content\/uploads\/2019\/09\/Jedl\u00f3czki-Norbert-k\u00e9pvisel\u0151.pdf\">22\/2019 (IX.9.) sz\u00e1m\u00fa hat\u00e1rozat (Jedl\u00f3czki Norbert kv.)<\/a> <\/li><li><a href=\"https:\/\/www.adacs.hu\/wp-content\/uploads\/2019\/09\/Szerencs\u00e9s-Csab\u00e1n\u00e9-k\u00e9pvisel\u0151.pdf\">23\/2019 (IX.9.) sz\u00e1m\u00fa hat\u00e1rozat (Szerencs\u00e9s Csab\u00e1n\u00e9 kv.)<\/a> <\/li><li><a href=\"https:\/\/www.adacs.hu\/wp-content\/uploads\/2019\/09\/Tasi-R\u00f3bert-k\u00e9pvisel\u0151.pdf\">24\/2019 (IX.9.) sz\u00e1m\u00fa hat\u00e1rozat (Tasi R\u00f3bert kv.)<\/a> <\/li><li><a href=\"https:\/\/www.adacs.hu\/wp-content\/uploads\/2019\/09\/Rafael-Ferenc-k\u00e9pvisel\u0151.pdf\">25\/2019 (IX.9.) sz\u00e1m\u00fa hat\u00e1rozat (Rafael Ferenc kv.)<\/a> <\/li><li><a href=\"https:\/\/www.adacs.hu\/wp-content\/uploads\/2019\/09\/Rafael-Csaba-roma-k\u00e9pvisel\u0151.pdf\">26\/2019 (IX.9.) sz\u00e1m\u00fa hat\u00e1rozat (Rafael Csaba roma kv.)<\/a> <\/li><li><a href=\"https:\/\/www.adacs.hu\/wp-content\/uploads\/2019\/09\/R\u00e9zm\u0171ves-L\u00e1szl\u00f3-roma-k\u00e9pvisel\u0151.pdf\">27\/2019 (IX.9.) sz\u00e1m\u00fa hat\u00e1rozat (R\u00e9zm\u0171ves L\u00e1szl\u00f3 roma kv.)<\/a><\/li><li><a href=\"https:\/\/www.adacs.hu\/wp-content\/uploads\/2019\/09\/R\u00e9zm\u0171ves-Istv\u00e1n-roma-k\u00e9pvisel\u0151.pdf\">28\/2019 (IX.9.) sz\u00e1m\u00fa hat\u00e1rozat (R\u00e9zm\u0171ves Istv\u00e1n roma kv.)<\/a>  <\/li><li><a href=\"https:\/\/www.adacs.hu\/wp-content\/uploads\/2019\/09\/R\u00e9zm\u0171ves-Antal-roma-k\u00e9pvisel\u0151.pdf\">29\/2019 (IX.9.) sz\u00e1m\u00fa hat\u00e1rozat (R\u00e9zm\u0171ves Antal roma kv.)<\/a>  <\/li><li><a href=\"https:\/\/www.adacs.hu\/wp-content\/uploads\/2019\/09\/Kanalas-Alex-roma-k\u00e9pvisel\u0151.pdf\">30\/2019 (IX.9.) sz\u00e1m\u00fa hat\u00e1rozat (Kanalas Alex roma kv.)<\/a>  <\/li><li><a href=\"https:\/\/www.adacs.hu\/wp-content\/uploads\/2019\/09\/Magda-Anita-lemond\u00e1s.pdf\">31\/2019 (IX.9.) sz\u00e1m\u00fa hat\u00e1rozat (Magda Anita lemond\u00e1s)<\/a><\/li><li><a href=\"https:\/\/www.adacs.hu\/wp-content\/uploads\/2019\/09\/Rafael-Istv\u00e1n-k\u00e9pvisel\u0151-1.pdf\">32\/2019 (IX.9.) sz\u00e1m\u00fa hat\u00e1rozat (Rafael Istv\u00e1n kv.)<\/a> <\/li><li><a href=\"https:\/\/www.adacs.hu\/wp-content\/uploads\/2019\/09\/Bor\u00f3k-Szabina-roma-k\u00e9pvisel\u0151.pdf\">33\/2019 (IX.9.) sz\u00e1m\u00fa hat\u00e1rozat (Bor\u00f3k Szabina roma kv.)<\/a><br><\/li><li><a href=\"https:\/\/www.adacs.hu\/wp-content\/uploads\/2019\/09\/Sorsol\u00e1s-K\u00e9pvisel\u0151.pdf\">34\/2019 (IX.9.) sz\u00e1m\u00fa hat\u00e1rozat (sorsol\u00e1s k\u00e9pvisel\u0151)<\/a><\/li><li><a href=\"https:\/\/www.adacs.hu\/wp-content\/uploads\/2019\/09\/Sorsol\u00e1s-nemzetis\u00e9gi-k\u00e9pv.pdf\">35\/2019 (IX.9.) sz\u00e1m\u00fa hat\u00e1rozat (sorsol\u00e1s nemzetis\u00e9gi k\u00e9pvisel\u0151)<\/a>  <\/li><li><a href=\"https:\/\/www.adacs.hu\/wp-content\/uploads\/2019\/09\/Sorsol\u00e1s-PolgMester.pdf\">36\/2019 (IX.9.) sz\u00e1m\u00fa hat\u00e1rozat (sorsol\u00e1s polg\u00e1rmester )<\/a><br><\/li><li><a href=\"https:\/\/www.adacs.hu\/wp-content\/uploads\/2019\/09\/Makula-Istv\u00e1n-roma-k\u00e9pvisel\u0151.pdf\">37\/2019 (IX.12.) sz\u00e1m\u00fa hat\u00e1rozat (Makula Istv\u00e1n roma kv.)<\/a> <\/li><li><a href=\"https:\/\/www.adacs.hu\/wp-content\/uploads\/2019\/09\/Rafael-J\u00f3zsef-roma-k\u00e9pvisel\u0151.pdf\">38\/2019 (IX.12.) sz\u00e1m\u00fa hat\u00e1rozat (Rafael J\u00f3zsef roma kv.)<\/a><\/li><li><a href=\"https:\/\/www.adacs.hu\/wp-content\/uploads\/2019\/09\/Rafael-Mirandella-roma-k\u00e9pv-1.pdf\">39\/2019 (IX.12.) sz\u00e1m\u00fa hat\u00e1rozat (Rafael Mirandella roma kv.)<\/a>  <\/li><li><a href=\"https:\/\/www.adacs.hu\/wp-content\/uploads\/2019\/09\/Rafael-J\u00e1nos-roma-k\u00e9pvisel\u0151.pdf\">40\/2019 (IX.12.) sz\u00e1m\u00fa hat\u00e1rozat (Rafael J\u00e1nos roma kv.)<\/a>  <\/li><li><a href=\"https:\/\/www.adacs.hu\/wp-content\/uploads\/2019\/09\/Rafael-Kriszti\u00e1n-roma-k\u00e9pvisel\u0151.pdf\">41\/2019 (IX.12.) sz\u00e1m\u00fa hat\u00e1rozat (Rafael Kriszti\u00e1n roma kv.)<\/a>  <br><\/li><li><a href=\"https:\/\/www.adacs.hu\/wp-content\/uploads\/2019\/09\/Szavaz\u00f3lap-adattartalma-PolgMester.pdf\">42\/2019 (IX.18.) sz. hat\u00e1rozat (szavaz\u00f3lapok adattartalma pm.)<\/a><\/li><li><a href=\"https:\/\/www.adacs.hu\/wp-content\/uploads\/2019\/09\/Szavaz\u00f3lap-adattartalma-K\u00e9pvisel\u0151k.pdf\">43\/2019 (IX.18.) sz. hat\u00e1rozat (szavaz\u00f3lapok adattartalma kv.)<\/a><\/li><li><a href=\"https:\/\/www.adacs.hu\/wp-content\/uploads\/2019\/09\/Szavaz\u00f3lap-adattartalma-Roma-k\u00e9pv.pdf\">44\/2019 (IX.18.) sz. hat\u00e1rozat (szavaz\u00f3lapok adattartalma nemz.<\/a>)<\/li><\/ul>\n\n\n\n<p>V\u00e1laszt\u00e1si eredm\u00e9nyek:<\/p>\n\n\n\n<ul class=\"wp-block-list\"><li><a href=\"https:\/\/www.adacs.hu\/wp-content\/uploads\/2019\/10\/Eredm\u00e9ny-Nemzetis\u00e9gi-K\u00e9pv.pdf\">45\/2019 (X. 13.) sz hat\u00e1rozat a nemzetis\u00e9gi k\u00e9pvisel\u0151 v\u00e1laszt\u00e1s eredm\u00e9ny\u00e9r\u0151l<\/a><\/li><li><a href=\"https:\/\/www.adacs.hu\/wp-content\/uploads\/2019\/10\/Eredm\u00e9ny-\u00d6nkK\u00e9pv.pdf\">46\/2019 (X. 13.) sz hat\u00e1rozat az \u00f6nkorm\u00e1nyzati k\u00e9pvisel\u0151 v\u00e1laszt\u00e1s eredm\u00e9ny\u00e9r\u0151l <\/a><\/li><li><a href=\"https:\/\/www.adacs.hu\/wp-content\/uploads\/2019\/10\/Eredm\u00e9ny-PolgMester.pdf\">47\/2019 (X. 13.) sz hat\u00e1rozat a polg\u00e1rmester v\u00e1laszt\u00e1s eredm\u00e9ny\u00e9r\u0151l<\/a> <\/li><\/ul>\n","protected":false},"excerpt":{"rendered":"<p>1\/2019 (VIII.29.) sz\u00e1m\u00fa hat\u00e1rozat (V\u00e1laszt\u00e1si bizotts\u00e1gi eln\u00f6k) 2\/2019 (VIII.29.) sz\u00e1m\u00fa hat\u00e1rozat (V\u00e1laszt\u00e1si bizotts\u00e1gi eln\u00f6khelyettes) 3\/2019 (VIII.29.) sz\u00e1m\u00fa hat\u00e1rozat (Hat\u00e1sk\u00f6r \u00e1tad\u00e1s) 4\/2019 (VIII.30.) sz\u00e1m\u00fa hat\u00e1rozat (Soha M\u00e1rton kv.) 5\/2019 (VIII.30.) sz\u00e1m\u00fa hat\u00e1rozat (Soha M\u00e1rton pm.) 6\/2019 (VIII.30.) sz\u00e1m\u00fa hat\u00e1rozat (Varj\u00fa Enik\u0151 kv.) 7\/2019 (VIII.30.) sz\u00e1m\u00fa hat\u00e1rozat (Bagi Kriszti\u00e1n kv.) 8\/2019 (VIII.30.) sz\u00e1m\u00fa hat\u00e1rozat (S\u00f3s Ferencn\u00e9 kv.) 9\/2019 (VIII.30.) sz\u00e1m\u00fa hat\u00e1rozat (Kobzi J\u00f3zsef kv.) 10\/2019 (VIII.30.) sz\u00e1m\u00fa hat\u00e1rozat (Kobzi J\u00f3zsef pm.) 11\/2019 (IX.3.) sz\u00e1m\u00fa hat\u00e1rozat (Szekeres J\u00e1nos kv.) 12\/2019 (IX.3.) sz\u00e1m\u00fa hat\u00e1rozat (F\u00fcl\u00f6p \u00c1rp\u00e1d kv.) 13\/2019 (IX.3.) sz\u00e1m\u00fa hat\u00e1rozat (F\u00fcl\u00f6p \u00c1rp\u00e1d pm.) 14\/2019 (IX.3.) sz\u00e1m\u00fa hat\u00e1rozat (Nagy G\u00e1bor kv.) 15\/2019 (IX.3.) sz\u00e1m\u00fa<\/p>\n","protected":false},"author":1,"featured_media":0,"comment_status":"closed","ping_status":"open","sticky":false,"template":"","format":"standard","meta":{"footnotes":""},"categories":[33],"tags":[],"class_list":["post-500","post","type-post","status-publish","format-standard","hentry","category-onkormanyzati-valasztas-2019"],"_links":{"self":[{"href":"https:\/\/www.adacs.hu\/index.php?rest_route=\/wp\/v2\/posts\/500","targetHints":{"allow":["GET"]}}],"collection":[{"href":"https:\/\/www.adacs.hu\/index.php?rest_route=\/wp\/v2\/posts"}],"about":[{"href":"https:\/\/www.adacs.hu\/index.php?rest_route=\/wp\/v2\/types\/post"}],"author":[{"embeddable":true,"href":"https:\/\/www.adacs.hu\/index.php?rest_route=\/wp\/v2\/users\/1"}],"replies":[{"embeddable":true,"href":"https:\/\/www.adacs.hu\/index.php?rest_route=%2Fwp%2Fv2%2Fcomments&post=500"}],"version-history":[{"count":14,"href":"https:\/\/www.adacs.hu\/index.php?rest_route=\/wp\/v2\/posts\/500\/revisions"}],"predecessor-version":[{"id":575,"href":"https:\/\/www.adacs.hu\/index.php?rest_route=\/wp\/v2\/posts\/500\/revisions\/575"}],"wp:attachment":[{"href":"https:\/\/www.adacs.hu\/index.php?rest_route=%2Fwp%2Fv2%2Fmedia&parent=500"}],"wp:term":[{"taxonomy":"category","embeddable":true,"href":"https:\/\/www.adacs.hu\/index.php?rest_route=%2Fwp%2Fv2%2Fcategories&post=500"},{"taxonomy":"post_tag","embeddable":true,"href":"https:\/\/www.adacs.hu\/index.php?rest_route=%2Fwp%2Fv2%2Ftags&post=500"}],"curies":[{"name":"wp","href":"https:\/\/api.w.org\/{rel}","templated":true}]}}