{"id":597,"date":"2020-07-23T09:15:35","date_gmt":"2020-07-23T09:15:35","guid":{"rendered":"http:\/\/www.adacs.hu\/?p=597"},"modified":"2024-06-25T07:14:17","modified_gmt":"2024-06-25T07:14:17","slug":"magyar-falu-utfelujitas","status":"publish","type":"post","link":"https:\/\/www.adacs.hu\/?p=597","title":{"rendered":"Magyar Falu Program &#8211; \u00fatfel\u00faj\u00edt\u00e1s"},"content":{"rendered":"\n<p><strong>Kedvezm\u00e9nyezett neve:<\/strong> Ad\u00e1cs K\u00f6zs\u00e9g \u00d6nkorm\u00e1nyzata<\/p>\n\n\n\n<p><strong>P\u00e1ly\u00e1zati felh\u00edv\u00e1s neve (k\u00f3dsz\u00e1ma): <\/strong>Magyar Falu Program &#8211; \u00d6nkorm\u00e1nyzati tulajdonban l\u00e9v\u0151 \u00fat-, h\u00edd\u00e9p\u00edt\u00e9s\/fel\u00faj\u00edt\u00e1s &#8211; 2020 (MFP-\u00d6TU\/2020)<\/p>\n\n\n\n<p><strong>Projekt c\u00edme (azonos\u00edt\u00f3 sz\u00e1ma): <\/strong>A Hunyadi J\u00e1nos utca \u00e9s a Katona J\u00f3zsef \u00fat burkolat\u00e1nak fel\u00faj\u00edt\u00e1sa Ad\u00e1cs k\u00f6zs\u00e9gben (3074726199)<\/p>\n\n\n\n<p><strong>Szerz\u0151d\u00f6tt t\u00e1mogat\u00e1s \u00f6sszege: <\/strong>9.999.978,- Ft<\/p>\n\n\n\n<p><strong>T\u00e1mogat\u00e1s m\u00e9rt\u00e9ke:<\/strong> 100%<\/p>\n\n\n\n<p><strong>A projekt tartalm\u00e1nak r\u00f6vid bemutat\u00e1sa: <\/strong>A Magyar Falu Program &#8222;\u00d6nkorm\u00e1nyzati tulajdon\u00fa utak fel\u00faj\u00edt\u00e1sa&#8221; alprogramja keret\u00e9ben Ad\u00e1cs K\u00f6zs\u00e9g \u00d6nkorm\u00e1nyzata a telep\u00fcl\u00e9s belter\u00fclet\u00e9n tal\u00e1lhat\u00f3 Hunyadi J\u00e1nos utca \u00e9s Katona J\u00f3zsef \u00fat burkolat\u00e1nak fel\u00faj\u00edt\u00e1s\u00e1t k\u00edv\u00e1nja megval\u00f3s\u00edtani. A Hunyadi J\u00e1nos utca tekintet\u00e9ben a tervez\u00e9si ter\u00fclet a Damjanich \u00e9s R\u00f3bert K\u00e1roly utca k\u00f6z\u00f6tti 200 m hossz\u00fa, 3 m sz\u00e9les szakasz, a Katona J\u00f3zsef \u00fat eset\u00e9ben pedig a fel\u00faj\u00edtand\u00f3 szakasz a Damjanich utc\u00e1t\u00f3l indul \u00e9s a R\u00f3bert K\u00e1roly utca keresztez\u00e9seut\u00e1n 120 m\u00e9terrel \u00e9r v\u00e9get, hossza 300 m, sz\u00e9less\u00e9ge 3 m. A megl\u00e9vo\u030b burkolat vastags\u00e1ga mindk\u00e9t \u00fat eset\u00e9ben legal\u00e1bb 20 cm, a burkolatok fel\u00fclete a haszn\u00e1lat sor\u00e1n eldeform\u00e1l\u00f3dott, fel\u00faj\u00edt\u00e1sra szorul. A kivitelez\u00e9si munk\u00e1k megkezd\u00e9se elo\u030btt a felh\u00edzott padk\u00e1kat le kell nyesni, a felesleges anyagot el kell sz\u00e1ll\u00edtani. A megl\u00e9vo\u030b burkolat teljes fel\u00fclet\u00e9t a szennyezo\u030bd\u00e9sekto\u030bl meg kell tiszt\u00edtani. A fel\u00fcleti egyenetlens\u00e9geket \u00e1tlag 5 cm z\u00fazottko\u030b be\u00e9p\u00edt\u00e9s\u00e9vel ki kell jav\u00edtani. A burkolatfel\u00faj\u00edt\u00e1s sor\u00e1n a megl\u00e9vo\u030b burkolat fel\u00fclet\u00e9re 4 cm AC 11 kop\u00f3 50\/70 aszfaltot kell be\u00e9p\u00edteni. A burkolatfel\u00faj\u00edt\u00e1si munk\u00e1k megkezd\u00e9se elo\u030btt lenyesett, 0,5 m sz\u00e9less\u00e9gu\u030b padk\u00e1kat a munk\u00e1k befejez\u00e9se ut\u00e1n nemes\u00edtett padkak\u00e9nt kell helyre\u00e1ll\u00edtani. A tervezett projekt hozz\u00e1j\u00e1rul a telep\u00fcl\u00e9sk\u00e9p javul\u00e1s\u00e1hoz \u00e9s a lakoss\u00e1g komfort\u00e9rzet\u00e9nek er\u0151s\u00f6d\u00e9s\u00e9hez, a k\u00f6zs\u00e9g k\u00f6zleked\u00e9si infrastrukt\u00far\u00e1j\u00e1nak fejlo\u030bd\u00e9s\u00e9hez.<\/p>\n\n\n\n<p><strong>A projekt legk\u00e9s\u0151bbi befejez\u00e9si d\u00e1tuma: <\/strong>2021.12.31.<\/p>\n","protected":false},"excerpt":{"rendered":"<p>A Magyar Falu Program &#8222;\u00d6nkorm\u00e1nyzati tulajdon\u00fa utak fel\u00faj\u00edt\u00e1sa&#8221; alprogramja keret\u00e9ben Ad\u00e1cs K\u00f6zs\u00e9g \u00d6nkorm\u00e1nyzata a telep\u00fcl\u00e9s belter\u00fclet\u00e9n tal\u00e1lhat\u00f3 Hunyadi J\u00e1nos utca \u00e9s Katona J\u00f3zsef \u00fat burkolat\u00e1nak fel\u00faj\u00edt\u00e1s\u00e1t k\u00edv\u00e1nja megval\u00f3s\u00edtani.<\/p>\n","protected":false},"author":1,"featured_media":599,"comment_status":"closed","ping_status":"open","sticky":false,"template":"","format":"standard","meta":{"footnotes":""},"categories":[23,21,14],"tags":[35,34],"class_list":["post-597","post","type-post","status-publish","format-standard","has-post-thumbnail","hentry","category-hirek","category-megvalosult-palyazatok","category-palyazatok","tag-35","tag-magyar-falu"],"_links":{"self":[{"href":"https:\/\/www.adacs.hu\/index.php?rest_route=\/wp\/v2\/posts\/597","targetHints":{"allow":["GET"]}}],"collection":[{"href":"https:\/\/www.adacs.hu\/index.php?rest_route=\/wp\/v2\/posts"}],"about":[{"href":"https:\/\/www.adacs.hu\/index.php?rest_route=\/wp\/v2\/types\/post"}],"author":[{"embeddable":true,"href":"https:\/\/www.adacs.hu\/index.php?rest_route=\/wp\/v2\/users\/1"}],"replies":[{"embeddable":true,"href":"https:\/\/www.adacs.hu\/index.php?rest_route=%2Fwp%2Fv2%2Fcomments&post=597"}],"version-history":[{"count":3,"href":"https:\/\/www.adacs.hu\/index.php?rest_route=\/wp\/v2\/posts\/597\/revisions"}],"predecessor-version":[{"id":614,"href":"https:\/\/www.adacs.hu\/index.php?rest_route=\/wp\/v2\/posts\/597\/revisions\/614"}],"wp:featuredmedia":[{"embeddable":true,"href":"https:\/\/www.adacs.hu\/index.php?rest_route=\/wp\/v2\/media\/599"}],"wp:attachment":[{"href":"https:\/\/www.adacs.hu\/index.php?rest_route=%2Fwp%2Fv2%2Fmedia&parent=597"}],"wp:term":[{"taxonomy":"category","embeddable":true,"href":"https:\/\/www.adacs.hu\/index.php?rest_route=%2Fwp%2Fv2%2Fcategories&post=597"},{"taxonomy":"post_tag","embeddable":true,"href":"https:\/\/www.adacs.hu\/index.php?rest_route=%2Fwp%2Fv2%2Ftags&post=597"}],"curies":[{"name":"wp","href":"https:\/\/api.w.org\/{rel}","templated":true}]}}