{"id":608,"date":"2020-07-29T07:20:12","date_gmt":"2020-07-29T07:20:12","guid":{"rendered":"http:\/\/www.adacs.hu\/?p=608"},"modified":"2024-06-25T07:14:17","modified_gmt":"2024-06-25T07:14:17","slug":"magyar-falu-program-kozossegi-ter-kialakitasa","status":"publish","type":"post","link":"https:\/\/www.adacs.hu\/?p=608","title":{"rendered":"Magyar falu program: K\u00f6z\u00f6ss\u00e9gi t\u00e9r kialak\u00edt\u00e1sa"},"content":{"rendered":"\n<p><strong>Kedvezm\u00e9nyezett neve:<\/strong> Ad\u00e1cs K\u00f6zs\u00e9g \u00d6nkorm\u00e1nyzata<\/p>\n\n\n\n<p><strong>P\u00e1ly\u00e1zati felh\u00edv\u00e1s neve (k\u00f3dsz\u00e1ma): <\/strong>Magyar Falu Program &#8211; K\u00f6z\u00f6ss\u00e9gi t\u00e9r ki-\/\u00e1talak\u00edt\u00e1s \u00e9s foglalkoztat\u00e1s (MFP-KTF\/2020)<\/p>\n\n\n\n<p><strong>Projekt c\u00edme (azonos\u00edt\u00f3 sz\u00e1ma): <\/strong>K\u00f6z\u00f6ss\u00e9gi c\u00e9l\u00fa \u00e9p\u00fclet fejleszt\u00e9se Ad\u00e1cs k\u00f6zs\u00e9gben az MFP-KTF\/2020 p\u00e1ly\u00e1zat keret\u00e9ben (3082393406)<\/p>\n\n\n\n<p><strong>Szerz\u0151d\u00f6tt t\u00e1mogat\u00e1s \u00f6sszege: <\/strong>4.999.990,- Ft<\/p>\n\n\n\n<p><strong>T\u00e1mogat\u00e1s m\u00e9rt\u00e9ke:<\/strong> 100%<\/p>\n\n\n\n<p><strong>A projekt tartalm\u00e1nak r\u00f6vid bemutat\u00e1sa: <\/strong>A Magyar Falu Program &#8222;K\u00f6z\u00f6ss\u00e9gi t\u00e9r ki-\/\u00e1talak\u00edt\u00e1s \u00e9s foglalkoztat\u00e1s&#8221; alprogramj\u00e1nak keret\u00e9ben Ad\u00e1cs K\u00f6zs\u00e9gi \u00d6nkorm\u00e1nyzat az Ad\u00e1cs, R\u00e1k\u00f3czi Ferenc utca 18. sz\u00e1m alatt tal\u00e1lhat\u00f3 m\u0171vel\u0151d\u00e9si h\u00e1z \u00e9p\u00fclet\u00e9nek fel\u00faj\u00edt\u00e1s\u00e1t \u00e9s \u00e1talak\u00edt\u00e1s\u00e1t k\u00edv\u00e1nja megval\u00f3s\u00edtani. Az \u00e9p\u00fclet tervezett fel\u00faj\u00edt\u00e1sa sor\u00e1n az utcafronti \u00e9p\u00fcletr\u00e9szen l\u00e9v\u0151 fa homlokzati ny\u00edl\u00e1sz\u00e1r\u00f3kat azonos oszt\u00e1s\u00fa \u00e9s m\u00e9ret\u0171 m\u0171anyag ny\u00edl\u00e1sz\u00e1r\u00f3kra cser\u00e9lik. A t\u00e1rgyal\u00f3teremben \u00e9s az abb\u00f3l ny\u00edl\u00f3 irod\u00e1ban diszperzi\u00f3s falfest\u00e9s k\u00e9sz\u00fcl. A k\u00f6zleked\u0151b\u0151l ny\u00edl\u00f3 rakt\u00e1rb\u00f3l 10 cm vastag Ytong v\u00e1laszfallal lev\u00e1lasztva egy jelmezt\u00e1rol\u00f3 \u00e9s egy \u00e9tkez\u0151-pihen\u0151 helyis\u00e9g ker\u00fcl kialak\u00edt\u00e1sra. <\/p>\n\n\n\n<p>A d\u00edszlett\u00e1rol\u00e1sra kialak\u00edtand\u00f3 h\u00e1ts\u00f3 rakt\u00e1rban a padl\u00f3vonal 80 cm-rel magasabbra tervezett a teheraut\u00f3r\u00f3l val\u00f3 berakod\u00e1shoz kialak\u00edtva. A padl\u00f3szint magas\u00edt\u00e1sa d\u00f6ng\u00f6lt felt\u00f6lt\u00e9ssel \u00e9s 10 cm vastag aljzatbetonnal tervezett. A h\u00e1ts\u00f3 \u00e9p\u00fcletr\u00e9sz keleti homlokzati ny\u00edl\u00e1sz\u00e1r\u00f3i kibont\u00e1sra ker\u00fclnek. 2 db \u00faj h\u0151szigetelt, 120\/130 mm-es m\u0171anyag ablak \u00e9s a kibontott 240\/210-es k\u00e9tsz\u00e1rny\u00fa ac\u00e9l ajt\u00f3 ker\u00fcl be\u00e9p\u00edt\u00e9sre kb. 80 cm-es parapettel, mivel itt is kialak\u00edtand\u00f3 a teheraut\u00f3 plat\u00f3j\u00e1hoz val\u00f3 igazod\u00e1s. A tervezett \u00e9tkez\u0151helyis\u00e9gben egy k\u00e9tt\u00e1lc\u00e1s mosogat\u00f3 be\u00e9p\u00edt\u00e9se tervezett. Az \u00e9tkez\u0151 \u00e9s jelmezt\u00e1rol\u00f3 helyis\u00e9g a megl\u00e9v\u0151 sim\u00edtott beton padozatra greslap burkolatot kap. <\/p>\n\n\n\n<p>A jelmezt\u00e1rol\u00f3 \u00e9s az \u00e9tkez\u0151 helyis\u00e9gekben diszperzi\u00f3s fest\u00e9s, a d\u00edszlett\u00e1rol\u00f3ban meszes falfest\u00e9s t\u00f6rt\u00e9nik. Sor ker\u00fcl az elektromos rendszer fejleszt\u00e9s\u00e9re is. Legut\u00f3bb a 2013. \u00e9s 2014. \u00e9vekben t\u00f6rt\u00e9nt jelent\u0151sebb fejleszt\u00e9s az \u00e9p\u00fcleten. A Dar\u00e1nyi Ign\u00e1c Terv keret\u00e9ben elnyert 19,5 milli\u00f3 Ft t\u00e1mogat\u00e1sb\u00f3l 2013 \u0151sz\u00e9n \u00faj tet\u0151 ker\u00fclt az elavult lapostet\u0151 hely\u00e9re. 2014 nyar\u00e1n szint\u00e9n a Dar\u00e1nyi Ign\u00e1c Terv \u00e1ltal ny\u00fajtott t\u00e1mogat\u00e1sb\u00f3l, 14,8 milli\u00f3 Ft p\u00e1ly\u00e1zati forr\u00e1sb\u00f3l \u00fajultak meg az \u00e9p\u00fclet bels\u0151 terei, sz\u00ednh\u00e1zterme, el\u0151csarnoka. <\/p>\n\n\n\n<p>A jelenlegi p\u00e1ly\u00e1zati tervben szerepl\u0151 tev\u00e9kenys\u00e9gek kieg\u00e9sz\u00edtik a 6-7 \u00e9vvel ezel\u0151tti fejleszt\u00e9seket, tov\u00e1bb moderniz\u00e1lj\u00e1k az \u00e9p\u00fcletet. A ny\u00edl\u00e1sz\u00e1r\u00f3cser\u00e9k energetikai korszer\u0171s\u00edt\u00e9shez vezetnek, a h\u00e1ts\u00f3 \u00e9p\u00fcletr\u00e9szt \u00e9rint\u0151 alaprajzi \u00e1trendez\u00e9sekkel pedig a fell\u00e9p\u0151 m\u0171v\u00e9szek, el\u0151ad\u00f3k komfort\u00e9rzet\u00e9nek javul\u00e1s\u00e1t eredm\u00e9nyez\u0151 fejleszt\u00e9s val\u00f3sul meg.<\/p>\n\n\n\n<p><strong>A projekt legk\u00e9s\u0151bbi befejez\u00e9si d\u00e1tuma: <\/strong>2021.12.31.<\/p>\n","protected":false},"excerpt":{"rendered":"<p>A Magyar Falu Program &#8222;K\u00f6z\u00f6ss\u00e9gi t\u00e9r ki-\/\u00e1talak\u00edt\u00e1s \u00e9s foglalkoztat\u00e1s&#8221; alprogramj\u00e1nak keret\u00e9ben Ad\u00e1cs K\u00f6zs\u00e9gi \u00d6nkorm\u00e1nyzat az Ad\u00e1cs, R\u00e1k\u00f3czi Ferenc utca 18. sz\u00e1m alatt tal\u00e1lhat\u00f3 m\u0171vel\u0151d\u00e9si h\u00e1z \u00e9p\u00fclet\u00e9nek fel\u00faj\u00edt\u00e1s\u00e1t \u00e9s \u00e1talak\u00edt\u00e1s\u00e1t k\u00edv\u00e1nja megval\u00f3s\u00edtani.<\/p>\n","protected":false},"author":1,"featured_media":611,"comment_status":"closed","ping_status":"open","sticky":false,"template":"","format":"standard","meta":{"footnotes":""},"categories":[23,21,14],"tags":[35,34],"class_list":["post-608","post","type-post","status-publish","format-standard","has-post-thumbnail","hentry","category-hirek","category-megvalosult-palyazatok","category-palyazatok","tag-35","tag-magyar-falu"],"_links":{"self":[{"href":"https:\/\/www.adacs.hu\/index.php?rest_route=\/wp\/v2\/posts\/608","targetHints":{"allow":["GET"]}}],"collection":[{"href":"https:\/\/www.adacs.hu\/index.php?rest_route=\/wp\/v2\/posts"}],"about":[{"href":"https:\/\/www.adacs.hu\/index.php?rest_route=\/wp\/v2\/types\/post"}],"author":[{"embeddable":true,"href":"https:\/\/www.adacs.hu\/index.php?rest_route=\/wp\/v2\/users\/1"}],"replies":[{"embeddable":true,"href":"https:\/\/www.adacs.hu\/index.php?rest_route=%2Fwp%2Fv2%2Fcomments&post=608"}],"version-history":[{"count":3,"href":"https:\/\/www.adacs.hu\/index.php?rest_route=\/wp\/v2\/posts\/608\/revisions"}],"predecessor-version":[{"id":612,"href":"https:\/\/www.adacs.hu\/index.php?rest_route=\/wp\/v2\/posts\/608\/revisions\/612"}],"wp:featuredmedia":[{"embeddable":true,"href":"https:\/\/www.adacs.hu\/index.php?rest_route=\/wp\/v2\/media\/611"}],"wp:attachment":[{"href":"https:\/\/www.adacs.hu\/index.php?rest_route=%2Fwp%2Fv2%2Fmedia&parent=608"}],"wp:term":[{"taxonomy":"category","embeddable":true,"href":"https:\/\/www.adacs.hu\/index.php?rest_route=%2Fwp%2Fv2%2Fcategories&post=608"},{"taxonomy":"post_tag","embeddable":true,"href":"https:\/\/www.adacs.hu\/index.php?rest_route=%2Fwp%2Fv2%2Ftags&post=608"}],"curies":[{"name":"wp","href":"https:\/\/api.w.org\/{rel}","templated":true}]}}