{"id":637,"date":"2021-01-08T09:51:06","date_gmt":"2021-01-08T09:51:06","guid":{"rendered":"http:\/\/www.adacs.hu\/?p=637"},"modified":"2021-01-08T09:52:29","modified_gmt":"2021-01-08T09:52:29","slug":"magyar-falu-program-kozterulet-karbantartasat-szolgalo-eszkozbeszerzes","status":"publish","type":"post","link":"https:\/\/www.adacs.hu\/?p=637","title":{"rendered":"Magyar falu program: k\u00f6zter\u00fclet karbantart\u00e1s\u00e1t szolg\u00e1l\u00f3 eszk\u00f6zbeszerz\u00e9s"},"content":{"rendered":"\n<p><strong>Kedvezm\u00e9nyezett neve:<\/strong> Ad\u00e1cs K\u00f6zs\u00e9g \u00d6nkorm\u00e1nyzata<\/p>\n\n\n\n<p><strong>P\u00e1ly\u00e1zati felh\u00edv\u00e1s neve (k\u00f3dsz\u00e1ma): <\/strong>K\u00f6zter\u00fclet karbantart\u00e1s\u00e1t szolg\u00e1l\u00f3 eszk\u00f6zbeszerz\u00e9s (MFP-KKE\/2020)<\/p>\n\n\n\n<p><strong>Projekt c\u00edme (azonos\u00edt\u00f3 sz\u00e1ma): <\/strong>K\u00f6zter\u00fclet karbantart\u00e1s\u00e1t szolg\u00e1l\u00f3 eszk\u00f6zbeszerz\u00e9s Ad\u00e1cs k\u00f6zs\u00e9gben az MFP-KKE\/2020 p\u00e1ly\u00e1zat keret\u00e9ben (3085600817)<\/p>\n\n\n\n<p><strong>Szerz\u0151d\u00f6tt t\u00e1mogat\u00e1s \u00f6sszege: <\/strong>11.042.650,- Ft<\/p>\n\n\n\n<p><strong>T\u00e1mogat\u00e1s m\u00e9rt\u00e9ke:<\/strong> 100%<\/p>\n\n\n\n<p><strong>A projekt tartalm\u00e1nak r\u00f6vid bemutat\u00e1sa: <\/strong>Ad\u00e1cs K\u00f6zs\u00e9g \u00d6nkorm\u00e1nyzata a Magyar Falu Program &#8222;K\u00f6zter\u00fclet karbantart\u00e1s\u00e1t szolg\u00e1l\u00f3 eszk\u00f6zbeszerz\u00e9s&#8221; alprogramj\u00e1nak keret\u00e9ben egy er\u0151g\u00e9pet \u00e9s hozz\u00e1 kapcsolhat\u00f3 munkag\u00e9peket (mulcsoz\u00f3t, tol\u00f3lapot \u00e9s s\u00f3sz\u00f3r\u00f3t) k\u00edv\u00e1n beszerezni. A Magyar Falu Program p\u00e1ly\u00e1zati t\u00e1mogat\u00e1s\u00e1val olyan g\u00e9pek v\u00e1s\u00e1rl\u00e1s\u00e1ra ker\u00fcl sor, amelyek alkalmasak a k\u00f6zter\u00fcletek megfelel\u0151 kezel\u00e9s\u00e9re, ig\u00e9nyes telep\u00fcl\u00e9si k\u00f6rnyezet kialak\u00edt\u00e1s\u00e1ra. A k\u00f6zs\u00e9gben megfelel\u0151 g\u00e9pek hi\u00e1ny\u00e1ban \u00e9vr\u0151l-\u00e9vre gondot jelent a k\u00f6zter\u00fcletek h\u00f3mentes\u00edt\u00e9se. A projekt eredm\u00e9nyek\u00e9nt beszerz\u00e9sre ker\u00fcl\u0151 MTZ-820 traktor a hozz\u00e1 csatlakoztathat\u00f3 f\u00fcggesztett, v\u00e1g\u00f3\u00e9llel \u00e9s gumilappal rendelkez\u0151 BTL- 2300 tol\u00f3lappal, valamint a COSMO PS-500 s\u00f3sz\u00f3r\u00f3val nagy seg\u00edts\u00e9get jelent majd a t\u00e9li h\u00f3eltakar\u00edt\u00e1sban, s\u00edkoss\u00e1gmentes\u00edt\u00e9sben. Az AARDENBURG mulcsoz\u00f3 felhaszn\u00e1lhat\u00f3 az elgazosodott k\u00f6zter\u00fcletek, parkok megtiszt\u00edt\u00e1s\u00e1ra, rendszeres kezel\u00e9s\u00e9re, valamint a belter\u00fcleti utak padk\u00e1inak rendez\u00e9s\u00e9re.<\/p>\n\n\n\n<p><strong>A projekt legk\u00e9s\u0151bbi befejez\u00e9si d\u00e1tuma: <\/strong>2021.12.31.<\/p>\n\n\n\n<figure class=\"wp-block-image size-large\"><img loading=\"lazy\" decoding=\"async\" width=\"1024\" height=\"768\" src=\"https:\/\/www.adacs.hu\/wp-content\/uploads\/2021\/01\/Kulcs-atadas-1024x768.jpg\" alt=\"\" class=\"wp-image-638\" srcset=\"https:\/\/www.adacs.hu\/wp-content\/uploads\/2021\/01\/Kulcs-atadas-1024x768.jpg 1024w, https:\/\/www.adacs.hu\/wp-content\/uploads\/2021\/01\/Kulcs-atadas-300x225.jpg 300w, https:\/\/www.adacs.hu\/wp-content\/uploads\/2021\/01\/Kulcs-atadas-768x576.jpg 768w, https:\/\/www.adacs.hu\/wp-content\/uploads\/2021\/01\/Kulcs-atadas-1536x1152.jpg 1536w, https:\/\/www.adacs.hu\/wp-content\/uploads\/2021\/01\/Kulcs-atadas-2048x1536.jpg 2048w\" sizes=\"auto, (max-width: 1024px) 100vw, 1024px\" \/><\/figure>\n\n\n\n<figure class=\"wp-block-image size-large\"><img loading=\"lazy\" decoding=\"async\" width=\"1024\" height=\"768\" src=\"https:\/\/www.adacs.hu\/wp-content\/uploads\/2021\/01\/Traktor-es-fukasza-1024x768.jpg\" alt=\"\" class=\"wp-image-639\" srcset=\"https:\/\/www.adacs.hu\/wp-content\/uploads\/2021\/01\/Traktor-es-fukasza-1024x768.jpg 1024w, https:\/\/www.adacs.hu\/wp-content\/uploads\/2021\/01\/Traktor-es-fukasza-300x225.jpg 300w, https:\/\/www.adacs.hu\/wp-content\/uploads\/2021\/01\/Traktor-es-fukasza-768x576.jpg 768w, https:\/\/www.adacs.hu\/wp-content\/uploads\/2021\/01\/Traktor-es-fukasza-1536x1152.jpg 1536w, https:\/\/www.adacs.hu\/wp-content\/uploads\/2021\/01\/Traktor-es-fukasza-2048x1536.jpg 2048w\" sizes=\"auto, (max-width: 1024px) 100vw, 1024px\" \/><\/figure>\n","protected":false},"excerpt":{"rendered":"<p>Kedvezm\u00e9nyezett neve: Ad\u00e1cs K\u00f6zs\u00e9g \u00d6nkorm\u00e1nyzata P\u00e1ly\u00e1zati felh\u00edv\u00e1s neve (k\u00f3dsz\u00e1ma): K\u00f6zter\u00fclet karbantart\u00e1s\u00e1t szolg\u00e1l\u00f3 eszk\u00f6zbeszerz\u00e9s (MFP-KKE\/2020) Projekt c\u00edme (azonos\u00edt\u00f3 sz\u00e1ma): K\u00f6zter\u00fclet karbantart\u00e1s\u00e1t szolg\u00e1l\u00f3 eszk\u00f6zbeszerz\u00e9s Ad\u00e1cs k\u00f6zs\u00e9gben az MFP-KKE\/2020 p\u00e1ly\u00e1zat keret\u00e9ben (3085600817) Szerz\u0151d\u00f6tt t\u00e1mogat\u00e1s \u00f6sszege: 11.042.650,- Ft T\u00e1mogat\u00e1s m\u00e9rt\u00e9ke: 100% A projekt tartalm\u00e1nak r\u00f6vid bemutat\u00e1sa: Ad\u00e1cs K\u00f6zs\u00e9g \u00d6nkorm\u00e1nyzata a Magyar Falu Program &#8222;K\u00f6zter\u00fclet karbantart\u00e1s\u00e1t szolg\u00e1l\u00f3 eszk\u00f6zbeszerz\u00e9s&#8221; alprogramj\u00e1nak keret\u00e9ben egy er\u0151g\u00e9pet \u00e9s hozz\u00e1 kapcsolhat\u00f3 munkag\u00e9peket (mulcsoz\u00f3t, tol\u00f3lapot \u00e9s s\u00f3sz\u00f3r\u00f3t) k\u00edv\u00e1n beszerezni. A Magyar Falu Program p\u00e1ly\u00e1zati t\u00e1mogat\u00e1s\u00e1val olyan g\u00e9pek v\u00e1s\u00e1rl\u00e1s\u00e1ra ker\u00fcl sor, amelyek alkalmasak a k\u00f6zter\u00fcletek megfelel\u0151 kezel\u00e9s\u00e9re, ig\u00e9nyes telep\u00fcl\u00e9si k\u00f6rnyezet kialak\u00edt\u00e1s\u00e1ra. A k\u00f6zs\u00e9gben megfelel\u0151 g\u00e9pek hi\u00e1ny\u00e1ban \u00e9vr\u0151l-\u00e9vre gondot jelent a k\u00f6zter\u00fcletek h\u00f3mentes\u00edt\u00e9se. A<\/p>\n","protected":false},"author":1,"featured_media":638,"comment_status":"closed","ping_status":"open","sticky":false,"template":"","format":"standard","meta":{"footnotes":""},"categories":[23],"tags":[36,34,19],"class_list":["post-637","post","type-post","status-publish","format-standard","has-post-thumbnail","hentry","category-hirek","tag-36","tag-magyar-falu","tag-palyazat"],"_links":{"self":[{"href":"https:\/\/www.adacs.hu\/index.php?rest_route=\/wp\/v2\/posts\/637","targetHints":{"allow":["GET"]}}],"collection":[{"href":"https:\/\/www.adacs.hu\/index.php?rest_route=\/wp\/v2\/posts"}],"about":[{"href":"https:\/\/www.adacs.hu\/index.php?rest_route=\/wp\/v2\/types\/post"}],"author":[{"embeddable":true,"href":"https:\/\/www.adacs.hu\/index.php?rest_route=\/wp\/v2\/users\/1"}],"replies":[{"embeddable":true,"href":"https:\/\/www.adacs.hu\/index.php?rest_route=%2Fwp%2Fv2%2Fcomments&post=637"}],"version-history":[{"count":1,"href":"https:\/\/www.adacs.hu\/index.php?rest_route=\/wp\/v2\/posts\/637\/revisions"}],"predecessor-version":[{"id":640,"href":"https:\/\/www.adacs.hu\/index.php?rest_route=\/wp\/v2\/posts\/637\/revisions\/640"}],"wp:featuredmedia":[{"embeddable":true,"href":"https:\/\/www.adacs.hu\/index.php?rest_route=\/wp\/v2\/media\/638"}],"wp:attachment":[{"href":"https:\/\/www.adacs.hu\/index.php?rest_route=%2Fwp%2Fv2%2Fmedia&parent=637"}],"wp:term":[{"taxonomy":"category","embeddable":true,"href":"https:\/\/www.adacs.hu\/index.php?rest_route=%2Fwp%2Fv2%2Fcategories&post=637"},{"taxonomy":"post_tag","embeddable":true,"href":"https:\/\/www.adacs.hu\/index.php?rest_route=%2Fwp%2Fv2%2Ftags&post=637"}],"curies":[{"name":"wp","href":"https:\/\/api.w.org\/{rel}","templated":true}]}}