{"id":745,"date":"2022-05-03T13:13:57","date_gmt":"2022-05-03T13:13:57","guid":{"rendered":"https:\/\/www.adacs.hu\/?p=745"},"modified":"2022-05-03T13:13:59","modified_gmt":"2022-05-03T13:13:59","slug":"magyar-falu-program-kommunalis-eszkoz-beszerzese","status":"publish","type":"post","link":"https:\/\/www.adacs.hu\/?p=745","title":{"rendered":"Magyar Falu Program &#8211; Kommun\u00e1lis eszk\u00f6z beszerz\u00e9se"},"content":{"rendered":"\n<p><strong>Kedvezm\u00e9nyezett neve:<\/strong> Ad\u00e1cs K\u00f6zs\u00e9g \u00d6nkorm\u00e1nyzata<\/p>\n\n\n\n<p><strong>P\u00e1ly\u00e1zati felh\u00edv\u00e1s neve (k\u00f3dsz\u00e1ma): <\/strong>Magyar Falu Program &#8211; Kommun\u00e1lis eszk\u00f6z beszerz\u00e9se &#8211; 2022 (MFP-KOEB\/2022)<\/p>\n\n\n\n<p><strong>Projekt c\u00edme (azonos\u00edt\u00f3 sz\u00e1ma): <\/strong>Kommun\u00e1lis eszk\u00f6z beszerz\u00e9se Ad\u00e1cs k\u00f6zs\u00e9gben az MFP-KOEB\/2022 p\u00e1ly\u00e1zat keret\u00e9ben (3343415881)<\/p>\n\n\n\n<p><strong>Szerz\u0151d\u00f6tt t\u00e1mogat\u00e1s \u00f6sszege<\/strong>: 2.379.669,- Ft<\/p>\n\n\n\n<p><strong>T\u00e1mogat\u00e1s m\u00e9rt\u00e9ke:<\/strong> 100%<\/p>\n\n\n\n<p><strong>A projekt tartalm\u00e1nak r\u00f6vid bemutat\u00e1sa: <\/strong>Ad\u00e1cs K\u00f6zs\u00e9g \u00d6nkorm\u00e1nyzata a Magyar Falu Program &#8222;Kommun\u00e1lis eszk\u00f6z beszerz\u00e9se&#8221; alprogramj\u00e1nak keret\u00e9ben a telep\u00fcl\u00e9s k\u00f6zter\u00fcleteinek gondoz\u00e1s\u00e1ra, karbantart\u00e1s\u00e1ra alkalmas eszk\u00f6z\u00f6ket k\u00edv\u00e1n beszerezni. Jelen p\u00e1ly\u00e1zat 1 db Husqvarna R216TAWD f\u0171ny\u00edr\u00f3 rider \u00e9s 1 db Husqvarna Combi 103 v\u00e1g\u00f3asztal beszerz\u00e9s\u00e9re ir\u00e1nyul, ut\u00f3bbi eszk\u00f6z a f\u0171ny\u00edr\u00f3 rider kieg\u00e9sz\u00edt\u0151je. A beszerezni k\u00edv\u00e1nt f\u0171ny\u00edr\u00f3traktor egy multifunkcion\u00e1lis kommun\u00e1lis eszk\u00f6z, mely nagy telep\u00fcl\u00e9si z\u00f6ldfel\u00fcletek, parkok gondoz\u00e1s\u00e1hoz, j\u00e1rd\u00e1k t\u00e9li s\u00edkoss\u00e1gmentes\u00edt\u00e9s\u00e9hez, h\u00f3eltakar\u00edt\u00e1shoz, sz\u00e1ll\u00edt\u00e1shoz egyar\u00e1nt haszn\u00e1lhat\u00f3. A hozz\u00e1 kapcsolhat\u00f3 v\u00e1g\u00f3asztal az \u00fatsz\u00e9lek gyomtalan\u00edt\u00e1s\u00e1ra is alkalmas.<\/p>\n\n\n\n<p><strong>A projekt legk\u00e9s\u0151bbi befejez\u00e9si d\u00e1tuma: <\/strong>2023.02.28.<\/p>\n\n\n\n<div class=\"wp-block-image\"><figure class=\"aligncenter size-full\"><img loading=\"lazy\" decoding=\"async\" width=\"592\" height=\"221\" src=\"https:\/\/www.adacs.hu\/wp-content\/uploads\/2022\/05\/Screenshot-2022-05-03-at-14-33-33-MFP_u\u0301t_o\u0308sszefoglalo\u0301_Ada\u0301cs_2022.pdf.png\" alt=\"\" class=\"wp-image-738\" srcset=\"https:\/\/www.adacs.hu\/wp-content\/uploads\/2022\/05\/Screenshot-2022-05-03-at-14-33-33-MFP_u\u0301t_o\u0308sszefoglalo\u0301_Ada\u0301cs_2022.pdf.png 592w, https:\/\/www.adacs.hu\/wp-content\/uploads\/2022\/05\/Screenshot-2022-05-03-at-14-33-33-MFP_u\u0301t_o\u0308sszefoglalo\u0301_Ada\u0301cs_2022.pdf-300x112.png 300w\" sizes=\"auto, (max-width: 592px) 100vw, 592px\" \/><\/figure><\/div>\n","protected":false},"excerpt":{"rendered":"<p>Kedvezm\u00e9nyezett neve: Ad\u00e1cs K\u00f6zs\u00e9g \u00d6nkorm\u00e1nyzata P\u00e1ly\u00e1zati felh\u00edv\u00e1s neve (k\u00f3dsz\u00e1ma): Magyar Falu Program &#8211; Kommun\u00e1lis eszk\u00f6z beszerz\u00e9se &#8211; 2022 (MFP-KOEB\/2022) Projekt c\u00edme (azonos\u00edt\u00f3 sz\u00e1ma): Kommun\u00e1lis eszk\u00f6z beszerz\u00e9se Ad\u00e1cs k\u00f6zs\u00e9gben az MFP-KOEB\/2022 p\u00e1ly\u00e1zat keret\u00e9ben (3343415881) Szerz\u0151d\u00f6tt t\u00e1mogat\u00e1s \u00f6sszege: 2.379.669,- Ft T\u00e1mogat\u00e1s m\u00e9rt\u00e9ke: 100% A projekt tartalm\u00e1nak r\u00f6vid bemutat\u00e1sa: Ad\u00e1cs K\u00f6zs\u00e9g \u00d6nkorm\u00e1nyzata a Magyar Falu Program &#8222;Kommun\u00e1lis eszk\u00f6z beszerz\u00e9se&#8221; alprogramj\u00e1nak keret\u00e9ben a telep\u00fcl\u00e9s k\u00f6zter\u00fcleteinek gondoz\u00e1s\u00e1ra, karbantart\u00e1s\u00e1ra alkalmas eszk\u00f6z\u00f6ket k\u00edv\u00e1n beszerezni. Jelen p\u00e1ly\u00e1zat 1 db Husqvarna R216TAWD f\u0171ny\u00edr\u00f3 rider \u00e9s 1 db Husqvarna Combi 103 v\u00e1g\u00f3asztal beszerz\u00e9s\u00e9re ir\u00e1nyul, ut\u00f3bbi eszk\u00f6z a f\u0171ny\u00edr\u00f3 rider kieg\u00e9sz\u00edt\u0151je. A beszerezni k\u00edv\u00e1nt f\u0171ny\u00edr\u00f3traktor egy multifunkcion\u00e1lis kommun\u00e1lis eszk\u00f6z, mely nagy<\/p>\n","protected":false},"author":1,"featured_media":746,"comment_status":"closed","ping_status":"open","sticky":false,"template":"","format":"standard","meta":{"footnotes":""},"categories":[23],"tags":[37,34,19],"class_list":["post-745","post","type-post","status-publish","format-standard","has-post-thumbnail","hentry","category-hirek","tag-37","tag-magyar-falu","tag-palyazat"],"_links":{"self":[{"href":"https:\/\/www.adacs.hu\/index.php?rest_route=\/wp\/v2\/posts\/745","targetHints":{"allow":["GET"]}}],"collection":[{"href":"https:\/\/www.adacs.hu\/index.php?rest_route=\/wp\/v2\/posts"}],"about":[{"href":"https:\/\/www.adacs.hu\/index.php?rest_route=\/wp\/v2\/types\/post"}],"author":[{"embeddable":true,"href":"https:\/\/www.adacs.hu\/index.php?rest_route=\/wp\/v2\/users\/1"}],"replies":[{"embeddable":true,"href":"https:\/\/www.adacs.hu\/index.php?rest_route=%2Fwp%2Fv2%2Fcomments&post=745"}],"version-history":[{"count":1,"href":"https:\/\/www.adacs.hu\/index.php?rest_route=\/wp\/v2\/posts\/745\/revisions"}],"predecessor-version":[{"id":747,"href":"https:\/\/www.adacs.hu\/index.php?rest_route=\/wp\/v2\/posts\/745\/revisions\/747"}],"wp:featuredmedia":[{"embeddable":true,"href":"https:\/\/www.adacs.hu\/index.php?rest_route=\/wp\/v2\/media\/746"}],"wp:attachment":[{"href":"https:\/\/www.adacs.hu\/index.php?rest_route=%2Fwp%2Fv2%2Fmedia&parent=745"}],"wp:term":[{"taxonomy":"category","embeddable":true,"href":"https:\/\/www.adacs.hu\/index.php?rest_route=%2Fwp%2Fv2%2Fcategories&post=745"},{"taxonomy":"post_tag","embeddable":true,"href":"https:\/\/www.adacs.hu\/index.php?rest_route=%2Fwp%2Fv2%2Ftags&post=745"}],"curies":[{"name":"wp","href":"https:\/\/api.w.org\/{rel}","templated":true}]}}